{"id":2273,"date":"2025-03-21T09:50:28","date_gmt":"2025-03-21T12:50:28","guid":{"rendered":"https:\/\/encontreseupresente.com.br\/?p=2273"},"modified":"2025-03-22T12:15:28","modified_gmt":"2025-03-22T15:15:28","slug":"presente-para-viajantes","status":"publish","type":"post","link":"https:\/\/encontreseupresente.com.br\/en\/presente-para-viajantes\/","title":{"rendered":"Presente Para Viajantes: Ideias Criativas Para Quem Ama Viajar"},"content":{"rendered":"<p>Oi, gente! <\/p>\n\n\n\n<p>Aqui \u00e9 a Mariah, e hoje vamos falar sobre <strong>presente para viajantes<\/strong>, um tema que vai fazer voc\u00ea arrasar na<strong> hora de presentear<\/strong> aquela pessoa que vive com as <strong>malas prontas<\/strong> e o cora\u00e7\u00e3o cheio de vontade de <strong>explorar o mundo<\/strong>.<\/p><div id=\"ez-toc-container\" class=\"ez-toc-v2_0_82_2 counter-hierarchy ez-toc-counter ez-toc-transparent ez-toc-container-direction\">\n<div class=\"ez-toc-title-container\">\n<p class=\"ez-toc-title\" style=\"cursor:inherit\">Indice<\/p>\n<span class=\"ez-toc-title-toggle\"><a href=\"#\" class=\"ez-toc-pull-right ez-toc-btn ez-toc-btn-xs ez-toc-btn-default ez-toc-toggle\" aria-label=\"Toggle Table of Content\"><span class=\"ez-toc-js-icon-con\"><span class=\"\"><span class=\"eztoc-hide\" style=\"display:none;\">Toggle<\/span><span class=\"ez-toc-icon-toggle-span\"><svg style=\"fill: #999;color:#999\" xmlns=\"http:\/\/www.w3.org\/2000\/svg\" class=\"list-377408\" width=\"20px\" height=\"20px\" viewbox=\"0 0 24 24\" fill=\"none\"><path d=\"M6 6H4v2h2V6zm14 0H8v2h12V6zM4 11h2v2H4v-2zm16 0H8v2h12v-2zM4 16h2v2H4v-2zm16 0H8v2h12v-2z\" fill=\"currentColor\"><\/path><\/svg><svg style=\"fill: #999;color:#999\" class=\"arrow-unsorted-368013\" xmlns=\"http:\/\/www.w3.org\/2000\/svg\" width=\"10px\" height=\"10px\" viewbox=\"0 0 24 24\" version=\"1.2\" baseprofile=\"tiny\"><path d=\"M18.2 9.3l-6.2-6.3-6.2 6.3c-.2.2-.3.4-.3.7s.1.5.3.7c.2.2.4.3.7.3h11c.3 0 .5-.1.7-.3.2-.2.3-.5.3-.7s-.1-.5-.3-.7zM5.8 14.7l6.2 6.3 6.2-6.3c.2-.2.3-.5.3-.7s-.1-.5-.3-.7c-.2-.2-.4-.3-.7-.3h-11c-.3 0-.5.1-.7.3-.2.2-.3.5-.3.7s.1.5.3.7z\"\/><\/svg><\/span><\/span><\/span><\/a><\/span><\/div>\n<nav><ul class='ez-toc-list ez-toc-list-level-1' ><li class='ez-toc-page-1 ez-toc-heading-level-2'><a class=\"ez-toc-link ez-toc-heading-1\" href=\"https:\/\/encontreseupresente.com.br\/en\/presente-para-viajantes\/#Por_Que_Escolher_o_Presente_Certo_Para_um_Viajante_e_Importante\" >Por Que Escolher o Presente Certo Para um Viajante \u00e9 Importante?<\/a><\/li><li class='ez-toc-page-1 ez-toc-heading-level-2'><a class=\"ez-toc-link ez-toc-heading-2\" href=\"https:\/\/encontreseupresente.com.br\/en\/presente-para-viajantes\/#Consideracoes_Importantes_na_Hora_de_Escolher_o_Presente_para_Viajantes\" >Considera\u00e7\u00f5es Importantes na Hora de Escolher o Presente para Viajantes<\/a><\/li><li class='ez-toc-page-1 ez-toc-heading-level-2'><a class=\"ez-toc-link ez-toc-heading-3\" href=\"https:\/\/encontreseupresente.com.br\/en\/presente-para-viajantes\/#Lista_Rapida_de_10_Presentes_que_Viajantes_Vao_Amar\" >Lista R\u00e1pida de 10 Presentes que Viajantes V\u00e3o Amar<\/a><\/li><li class='ez-toc-page-1 ez-toc-heading-level-2'><a class=\"ez-toc-link ez-toc-heading-4\" href=\"https:\/\/encontreseupresente.com.br\/en\/presente-para-viajantes\/#O_Que_Nao_Dar_de_Presente_Para_Viajantes\" >O Que N\u00e3o Dar de Presente Para  Viajantes<\/a><\/li><li class='ez-toc-page-1 ez-toc-heading-level-2'><a class=\"ez-toc-link ez-toc-heading-5\" href=\"https:\/\/encontreseupresente.com.br\/en\/presente-para-viajantes\/#Listas_Praticas_com_Itens_Divididos_em_3_Categorias\" >Listas Pr\u00e1ticas com Itens Divididos em 3 Categorias<\/a><ul class='ez-toc-list-level-3' ><li class='ez-toc-heading-level-3'><a class=\"ez-toc-link ez-toc-heading-6\" href=\"https:\/\/encontreseupresente.com.br\/en\/presente-para-viajantes\/#1_Presentes_Para_Viajantes_Aventureiros\" >1. Presentes Para Viajantes Aventureiros<\/a><\/li><li class='ez-toc-page-1 ez-toc-heading-level-3'><a class=\"ez-toc-link ez-toc-heading-7\" href=\"https:\/\/encontreseupresente.com.br\/en\/presente-para-viajantes\/#Kindle_16_GB_Geracao_mais_recente_%E2%80%93_Leve_e_compacto_com_tela_a%E2%80%A6\" >Kindle 16 GB (Gera\u00e7\u00e3o mais recente) &#8211; Leve e compacto, com tela a&#8230;<\/a><\/li><li class='ez-toc-page-1 ez-toc-heading-level-3'><a class=\"ez-toc-link ez-toc-heading-8\" href=\"https:\/\/encontreseupresente.com.br\/en\/presente-para-viajantes\/#Venture_Pal_Mochila\" >Venture Pal Mochila<\/a><\/li><li class='ez-toc-page-1 ez-toc-heading-level-3'><a class=\"ez-toc-link ez-toc-heading-9\" href=\"https:\/\/encontreseupresente.com.br\/en\/presente-para-viajantes\/#VEMONT_Camera_de_acao_camera_esportiva_1080p_12MP_Full_HD_20_po%E2%80%A6\" >VEMONT C\u00e2mera de a\u00e7\u00e3o, c\u00e2mera esportiva 1080p 12MP Full HD 2.0 po&#8230;<\/a><\/li><li class='ez-toc-page-1 ez-toc-heading-level-3'><a class=\"ez-toc-link ez-toc-heading-10\" href=\"https:\/\/encontreseupresente.com.br\/en\/presente-para-viajantes\/#Jaqueta_corta-vento_masculina_leve_de_manga_comprida\" >Jaqueta corta-vento masculina leve, de manga comprida<\/a><\/li><li class='ez-toc-page-1 ez-toc-heading-level-3'><a class=\"ez-toc-link ez-toc-heading-11\" href=\"https:\/\/encontreseupresente.com.br\/en\/presente-para-viajantes\/#Jaqueta_Trifil_Corta_Vento_H05979\" >Jaqueta Trifil Corta Vento H05979<\/a><\/li><li class='ez-toc-page-1 ez-toc-heading-level-3'><a class=\"ez-toc-link ez-toc-heading-12\" href=\"https:\/\/encontreseupresente.com.br\/en\/presente-para-viajantes\/#Bastao_de_selfie_extensivel_para_camera_de_acao_portatil_Vlog_Se%E2%80%A6\" >Bast\u00e3o de selfie extens\u00edvel para c\u00e2mera de a\u00e7\u00e3o, port\u00e1til Vlog Se&#8230;<\/a><\/li><li class='ez-toc-page-1 ez-toc-heading-level-3'><a class=\"ez-toc-link ez-toc-heading-13\" href=\"https:\/\/encontreseupresente.com.br\/en\/presente-para-viajantes\/#2_Presentes_Para_Viajantes_Iniciantes\" >2. Presentes Para Viajantes Iniciantes<\/a><\/li><li class='ez-toc-page-1 ez-toc-heading-level-3'><a class=\"ez-toc-link ez-toc-heading-14\" href=\"https:\/\/encontreseupresente.com.br\/en\/presente-para-viajantes\/#Diarios_de_Viagem_em_Couro_Caderno_Medio_Marrom_Ferrugem\" >Di\u00e1rios de Viagem em Couro Caderno M\u00e9dio (Marrom Ferrugem)<\/a><\/li><li class='ez-toc-page-1 ez-toc-heading-level-3'><a class=\"ez-toc-link ez-toc-heading-15\" href=\"https:\/\/encontreseupresente.com.br\/en\/presente-para-viajantes\/#Fintie_Etiquetas_de_Bagagem_2_Peas_com_Capa_de_Privacidade_e_Ala%E2%80%A6\" >Fintie Etiquetas de Bagagem, 2 Peas com Capa de Privacidade e Ala&#8230;<\/a><\/li><li class='ez-toc-page-1 ez-toc-heading-level-3'><a class=\"ez-toc-link ez-toc-heading-16\" href=\"https:\/\/encontreseupresente.com.br\/en\/presente-para-viajantes\/#UGREEN_Estojo_rigido_organizador_de_viagem_para_eletronicos_bols%E2%80%A6\" >UGREEN Estojo r\u00edgido organizador de viagem para eletr\u00f4nicos, bols&#8230;<\/a><\/li><li class='ez-toc-page-1 ez-toc-heading-level-3'><a class=\"ez-toc-link ez-toc-heading-17\" href=\"https:\/\/encontreseupresente.com.br\/en\/presente-para-viajantes\/#Suporte_de_telefone_de_viagem_de_aviao_Suporte_universal_para_te%E2%80%A6\" >Suporte de telefone de viagem de avi\u00e3o: Suporte universal para te&#8230;<\/a><\/li><li class='ez-toc-page-1 ez-toc-heading-level-3'><a class=\"ez-toc-link ez-toc-heading-18\" href=\"https:\/\/encontreseupresente.com.br\/en\/presente-para-viajantes\/#CAMERA_INSTAX_MINI_12_ROSA_GLOSS\" >CAMERA INSTAX MINI 12 ROSA GLOSS<\/a><\/li><li class='ez-toc-page-1 ez-toc-heading-level-3'><a class=\"ez-toc-link ez-toc-heading-19\" href=\"https:\/\/encontreseupresente.com.br\/en\/presente-para-viajantes\/#3_Presentes_Para_Viajantes_de_Negocios\" >3. Presentes Para Viajantes de Neg\u00f3cios<\/a><\/li><li class='ez-toc-page-1 ez-toc-heading-level-3'><a class=\"ez-toc-link ez-toc-heading-20\" href=\"https:\/\/encontreseupresente.com.br\/en\/presente-para-viajantes\/#BAGSMART_Bolsa_de_higiene_para_homens_organizador_de_artigos_de_%E2%80%A6\" >BAGSMART Bolsa de higiene para homens, organizador de artigos de &#8230;<\/a><\/li><li class='ez-toc-page-1 ez-toc-heading-level-3'><a class=\"ez-toc-link ez-toc-heading-21\" href=\"https:\/\/encontreseupresente.com.br\/en\/presente-para-viajantes\/#I2GO_Carregador_Portatil_Power_Bank_10000mAh_2_Saidas_USB_1%E2%80%A6\" >I2GO, Carregador Port\u00e1til (Power Bank) 10000mAh, 2 Sa\u00eddas USB + 1&#8230;<\/a><\/li><li class='ez-toc-page-1 ez-toc-heading-level-3'><a class=\"ez-toc-link ez-toc-heading-22\" href=\"https:\/\/encontreseupresente.com.br\/en\/presente-para-viajantes\/#Fone_de_Ouvido_Bluetooth_QCY_HT05_Melobuds_ANC_Fone_Cancelamento%E2%80%A6\" >Fone de Ouvido Bluetooth QCY HT05 Melobuds ANC, Fone Cancelamento&#8230;<\/a><\/li><li class='ez-toc-page-1 ez-toc-heading-level-3'><a class=\"ez-toc-link ez-toc-heading-23\" href=\"https:\/\/encontreseupresente.com.br\/en\/presente-para-viajantes\/#Lennas_Bolsa_Pasta_Maleta_de_Mao_com_Estilo_Executivo_Masculino_%E2%80%A6\" >Lenna&#8217;s Bolsa Pasta Maleta de M\u00e3o com Estilo Executivo Masculino &#8230;<\/a><\/li><li class='ez-toc-page-1 ez-toc-heading-level-3'><a class=\"ez-toc-link ez-toc-heading-24\" href=\"https:\/\/encontreseupresente.com.br\/en\/presente-para-viajantes\/#Carteira_Porta_Passaporte_Preto\" >Carteira Porta Passaporte (Preto)<\/a><\/li><li class='ez-toc-page-1 ez-toc-heading-level-3'><a class=\"ez-toc-link ez-toc-heading-25\" href=\"https:\/\/encontreseupresente.com.br\/en\/presente-para-viajantes\/#WAOAW_Mascara_de_dormir_para_homens_e_mulheres_Mascaras_blackout%E2%80%A6\" >WAOAW M\u00e1scara de dormir para homens e mulheres: M\u00e1scaras blackout&#8230;<\/a><\/li><\/ul><\/li><li class='ez-toc-page-1 ez-toc-heading-level-2'><a class=\"ez-toc-link ez-toc-heading-26\" href=\"https:\/\/encontreseupresente.com.br\/en\/presente-para-viajantes\/#Como_Tornar_o_Presente_Ainda_Mais_Especial\" >Como Tornar o Presente Ainda Mais Especial?<\/a><\/li><li class='ez-toc-page-1 ez-toc-heading-level-2'><a class=\"ez-toc-link ez-toc-heading-27\" href=\"https:\/\/encontreseupresente.com.br\/en\/presente-para-viajantes\/#Conclusao\" >Conclus\u00e3o<\/a><\/li><li class='ez-toc-page-1 ez-toc-heading-level-2'><a class=\"ez-toc-link ez-toc-heading-28\" href=\"https:\/\/encontreseupresente.com.br\/en\/presente-para-viajantes\/#FAQ_Presentes_e_Dicas_para_Viajantes\" >FAQ: Presentes e Dicas para Viajantes<\/a><ul class='ez-toc-list-level-5' ><li class='ez-toc-heading-level-5'><ul class='ez-toc-list-level-5' ><li class='ez-toc-heading-level-5'><ul class='ez-toc-list-level-5' ><li class='ez-toc-heading-level-5'><a class=\"ez-toc-link ez-toc-heading-29\" href=\"https:\/\/encontreseupresente.com.br\/en\/presente-para-viajantes\/#1_Qual_e_o_presente_ideal_para_quem_adora_viajar\" >1.\u00a0Qual \u00e9 o presente ideal para quem adora viajar?<\/a><\/li><li class='ez-toc-page-1 ez-toc-heading-level-5'><a class=\"ez-toc-link ez-toc-heading-30\" href=\"https:\/\/encontreseupresente.com.br\/en\/presente-para-viajantes\/#2_Quais_itens_nao_podem_faltar_na_mala_de_um_viajante\" >2.\u00a0Quais itens n\u00e3o podem faltar na mala de um viajante?<\/a><\/li><li class='ez-toc-page-1 ez-toc-heading-level-5'><a class=\"ez-toc-link ez-toc-heading-31\" href=\"https:\/\/encontreseupresente.com.br\/en\/presente-para-viajantes\/#3_O_que_dar_de_presente_para_quem_viaja_com_frequencia\" >3.\u00a0O que dar de presente para quem viaja com frequ\u00eancia?<\/a><\/li><li class='ez-toc-page-1 ez-toc-heading-level-5'><a class=\"ez-toc-link ez-toc-heading-32\" href=\"https:\/\/encontreseupresente.com.br\/en\/presente-para-viajantes\/#4_Qual_lembranca_dar_para_alguem_que_vai_viajar\" >4. Qual lembran\u00e7a dar para algu\u00e9m que vai viajar?<\/a><\/li><li class='ez-toc-page-1 ez-toc-heading-level-5'><a class=\"ez-toc-link ez-toc-heading-33\" href=\"https:\/\/encontreseupresente.com.br\/en\/presente-para-viajantes\/#5_O_que_devo_levar_para_uma_viagem_longa\" >5. O que devo levar para uma viagem longa?<\/a><\/li><\/ul><\/li><\/ul><\/li><\/ul><\/li><\/ul><\/nav><\/div>\n\n\n\n\n<p>Viajar \u00e9 uma paix\u00e3o que merece ser celebrada. <\/p>\n\n\n\n<p>Mas <strong>como escolher o presente ideal?<\/strong> <\/p>\n\n\n\n<p>Calma, eu te ajudo! <\/p>\n\n\n\n<p>Vou te dar <strong>dicas de presente para viajantes pr\u00e1ticos<\/strong>, criativos e cheios de significado. <\/p>\n\n\n\n<p>E, claro, a Gatita tamb\u00e9m est\u00e1 aqui para dar suas opini\u00f5es (que, como sempre, s\u00e3o bem&#8230; peculiares).<\/p>\n\n\n\n<p>Gatita comenta: &#8220;Presente pra viajante? Eu s\u00f3 dou um olhar de &#8216;me leva junto!&#8217; e um ataque de fofura estrat\u00e9gica na mala. Funciona 99% das vezes! <\/p>\n\n\n\n<p>Mas se for pra mim, quero um mapa do mundo com todos os lugares onde vendem os melhores petiscos de salm\u00e3o.&#8221;<\/p>\n\n\n\n<p>Vamos l\u00e1?<\/p>\n\n\n\n<hr class=\"wp-block-separator has-alpha-channel-opacity\"\/>\n\n\n\n<blockquote class=\"wp-block-quote is-layout-flow wp-block-quote-is-layout-flow\">\n<p><strong><em>Aten\u00e7\u00e3o:<\/em><\/strong><em>&nbsp;<\/em>Como Associados da Amazon, somos remunerados pelas compras qualificadas efetuadas. Isso n\u00e3o afeta o pre\u00e7o que voc\u00ea paga e nos ajuda a manter o blog no ar. Obrigada pelo apoio!<\/p>\n<\/blockquote>\n\n\n\n<hr class=\"wp-block-separator has-alpha-channel-opacity\"\/>\n\n\n\n<h2 class=\"wp-block-heading\"><span class=\"ez-toc-section\" id=\"Por_Que_Escolher_o_Presente_Certo_Para_um_Viajante_e_Importante\"><\/span>Por Que Escolher o Presente Certo Para um Viajante \u00e9 Importante?<span class=\"ez-toc-section-end\"><\/span><\/h2>\n\n\n\n<p>Presente para viajantes n\u00e3o \u00e9 s\u00f3 sobre agradar, mas tamb\u00e9m sobre mostrar que voc\u00ea entende a paix\u00e3o dele(a) por explorar novos lugares. <\/p>\n\n\n\n<p>Um presente bem escolhido pode tornar as viagens mais <strong>confort\u00e1veis, pr\u00e1ticas e memor\u00e1veis<\/strong>. <\/p>\n\n\n\n<p>E, claro, pode at\u00e9 virar motivo de orgulho no pr\u00f3ximo \u00e1lbum de fotos!<\/p>\n\n\n\n<p>Gatita comenta: &#8220;Eu entendo essa paix\u00e3o. \u00c9 tipo quando eu vejo um raio de sol quentinho no tapete&#8230; \u00e9 uma aventura di\u00e1ria!&#8221;<\/p>\n\n\n\n<hr class=\"wp-block-separator has-alpha-channel-opacity\"\/>\n\n\n\n<h2 class=\"wp-block-heading\"><span class=\"ez-toc-section\" id=\"Consideracoes_Importantes_na_Hora_de_Escolher_o_Presente_para_Viajantes\"><\/span>Considera\u00e7\u00f5es Importantes na Hora de Escolher o Presente para Viajantes<span class=\"ez-toc-section-end\"><\/span><\/h2>\n\n\n\n<p>Antes de sair comprando qualquer coisa, \u00e9 bom pensar em alguns detalhes que fazem toda a diferen\u00e7a:<\/p>\n\n\n\n<ul class=\"wp-block-list\">\n<li><strong>Tipo de viagem<\/strong>: Ele(a) viaja a trabalho, a lazer ou para interc\u00e2mbio? Isso influencia bastante na escolha.<\/li>\n\n\n\n<li><strong>Estilo do viajante<\/strong>: Ele(a) \u00e9 mais aventureiro, <strong>iniciante<\/strong> ou pr\u00e1tico? Conhecer o estilo ajuda a acertar no presente.<\/li>\n\n\n\n<li><strong>Or\u00e7amento<\/strong>: N\u00e3o precisa gastar uma fortuna! Presentes criativos e bem pensados valem mais que o pre\u00e7o.<\/li>\n\n\n\n<li><strong>Ocasi\u00e3o<\/strong>: \u00c9 para quem vai viajar, est\u00e1 viajando ou acabou de chegar? Cada momento pede um tipo de presente.<\/li>\n\n\n\n<li><strong>Evite itens gen\u00e9ricos<\/strong>: Viajantes gostam de presentes que mostram que voc\u00ea caprichou.<\/li>\n<\/ul>\n\n\n\n<hr class=\"wp-block-separator has-alpha-channel-opacity\"\/>\n\n\n\n<h2 class=\"wp-block-heading\"><span class=\"ez-toc-section\" id=\"Lista_Rapida_de_10_Presentes_que_Viajantes_Vao_Amar\"><\/span>Lista R\u00e1pida de 10 Presentes que Viajantes V\u00e3o Amar<span class=\"ez-toc-section-end\"><\/span><\/h2>\n\n\n\n<ul class=\"wp-block-list\">\n<li><strong><a href=\"https:\/\/amzn.to\/3FMTIRO\" target=\"_blank\" data-type=\"link\" data-id=\"https:\/\/amzn.to\/3FMTIRO\" rel=\"noreferrer noopener\">Adaptador de Tomada Universal<\/a><\/strong>: Essencial para viajantes internacionais, compat\u00edvel com diversos pa\u00edses.<\/li>\n\n\n\n<li><strong><a href=\"https:\/\/amzn.to\/4bFn00U\" data-type=\"link\" data-id=\"https:\/\/amzn.to\/4bFn00U\" target=\"_blank\" rel=\"noopener\">Capa para Passaporte com RFID<\/a><\/strong>: Prote\u00e7\u00e3o extra para documentos e cart\u00f5es.<\/li>\n\n\n\n<li><strong><a href=\"https:\/\/amzn.to\/3RezAuq\" data-type=\"link\" data-id=\"https:\/\/amzn.to\/3RezAuq\" target=\"_blank\" rel=\"noopener\">Balan\u00e7a Port\u00e1til para Mala<\/a><\/strong>: Evita surpresas desagrad\u00e1veis com excesso de bagagem.<\/li>\n\n\n\n<li><a href=\"https:\/\/amzn.to\/4bG8pSS\" target=\"_blank\" data-type=\"link\" data-id=\"https:\/\/amzn.to\/4bG8pSS\" rel=\"noreferrer noopener\"><strong>Cobertor de Viagem com Bolsa<\/strong>:<\/a> Conforto e praticidade para viagens longas.<\/li>\n\n\n\n<li><a href=\"https:\/\/amzn.to\/4izOGXj\" data-type=\"link\" data-id=\"https:\/\/amzn.to\/4izOGXj\" target=\"_blank\" rel=\"noopener\"><strong>Fone de Ouvido com Cancelamento de Ru\u00eddo<\/strong>:<\/a> Proporciona conforto e tranquilidade durante voos e longas viagens.<\/li>\n\n\n\n<li><a href=\"https:\/\/amzn.to\/4ktTOxP\" target=\"_blank\" data-type=\"link\" data-id=\"https:\/\/amzn.to\/4ktTOxP\" rel=\"noreferrer noopener\"><strong>Travesseiro de Pesco\u00e7o<\/strong>: <\/a>Essencial para viagens longas, garante conforto e descanso.<\/li>\n\n\n\n<li><a href=\"https:\/\/amzn.to\/4bzkQQj\" data-type=\"link\" data-id=\"https:\/\/amzn.to\/4bzkQQj\" target=\"_blank\" rel=\"noopener\"><strong>Suporte de Telefone para Avi\u00e3o<\/strong>:<\/a> Ideal para assistir filmes e s\u00e9ries durante o voo.<\/li>\n\n\n\n<li><a href=\"https:\/\/amzn.to\/4hGB6jC\" target=\"_blank\" rel=\"noreferrer noopener\"><strong>Kindle<\/strong>: <\/a>Ideal para leitura durante viagens de trabalho.<\/li>\n\n\n\n<li><a href=\"https:\/\/amzn.to\/4ieurhX\" target=\"_blank\" data-type=\"link\" data-id=\"https:\/\/amzn.to\/4ieurhX\" rel=\"noreferrer noopener\"><strong>Carregador Universal<\/strong>: <\/a>Compat\u00edvel com diversos dispositivos eletr\u00f4nicos.<\/li>\n\n\n\n<li><strong><a href=\"https:\/\/amzn.to\/4kyoD4l\" target=\"_blank\" data-type=\"link\" data-id=\"https:\/\/amzn.to\/4kyoD4l\" rel=\"noreferrer noopener\">Mapa Mundi para Raspar<\/a><\/strong>: Uma forma divertida de registrar os pa\u00edses visitados.<\/li>\n<\/ul>\n\n\n\n<p>Gatita diz: &#8220;Se fosse pra mim, eu queria um passaporte felino para explorar o mundo dos jardins alheios! Mas viajantes humanos s\u00e3o mais complicados, n\u00e9?&#8221;<\/p>\n\n\n\n<p>+ <strong>Veja tamb\u00e9m:<\/strong> <a href=\"https:\/\/amzn.to\/3DNt7DH\" target=\"_blank\" data-type=\"link\" data-id=\"https:\/\/amzn.to\/3DNt7DH\" rel=\"noreferrer noopener\">Guias de Viagem<\/a><\/p>\n\n\n\n<hr class=\"wp-block-separator has-alpha-channel-opacity\"\/>\n\n\n\n<h2 class=\"wp-block-heading\"><span class=\"ez-toc-section\" id=\"O_Que_Nao_Dar_de_Presente_Para_Viajantes\"><\/span>O Que N\u00e3o Dar de Presente Para  Viajantes<span class=\"ez-toc-section-end\"><\/span><\/h2>\n\n\n\n<p>Agora, vamos falar do que n\u00e3o fazer na hora de presentear um viajante. <\/p>\n\n\n\n<p>Alguns presentes podem ser mal interpretados ou simplesmente n\u00e3o fazer sentido para o estilo de vida deles. <\/p>\n\n\n\n<p>Aqui v\u00e3o 5 itens para evitar:<\/p>\n\n\n\n<ul class=\"wp-block-list\">\n<li><strong>Itens pesados ou grandes<\/strong>: Viajantes preferem coisas leves e pr\u00e1ticas.<\/li>\n\n\n\n<li><strong>Produtos de baixa qualidade<\/strong>: Viajantes valorizam itens dur\u00e1veis e funcionais.<\/li>\n\n\n\n<li><strong>Presentes gen\u00e9ricos<\/strong>: Canecas ou camisetas sem personaliza\u00e7\u00e3o s\u00e3o esquec\u00edveis.<\/li>\n\n\n\n<li><strong>Coisas que eles j\u00e1 t\u00eam em excesso<\/strong>: Como adaptadores de tomada ou garrafas t\u00e9rmicas.<\/li>\n\n\n\n<li><strong>Itens sem conex\u00e3o com viagens<\/strong>: Um presente que n\u00e3o tenha a ver com viagens pode ser decepcionante.<\/li>\n<\/ul>\n\n\n\n<p>Gatita comenta: &#8220;Presente ruim? Tipo, um brinquedo sem catnip? \u00c9 uma ofensa! Viajantes merecem respeito, e eu tamb\u00e9m!&#8221;<\/p>\n\n\n\n<hr class=\"wp-block-separator has-alpha-channel-opacity\"\/>\n\n\n\n<figure class=\"mzb-image mzb-image-4cf20f8e\"><img loading=\"lazy\" decoding=\"async\" class=\"wp-image-2276 hover-effect-static filter-none mask mask-none\" src=\"https:\/\/encontreseupresente.com.br\/wp-content\/uploads\/2025\/03\/presente-para-viajantes-2.png\" alt=\"Presente para viajantes\" height=\"450\" width=\"800\" srcset=\"https:\/\/encontreseupresente.com.br\/wp-content\/uploads\/2025\/03\/presente-para-viajantes-2.png 800w, https:\/\/encontreseupresente.com.br\/wp-content\/uploads\/2025\/03\/presente-para-viajantes-2-300x169.png 300w, https:\/\/encontreseupresente.com.br\/wp-content\/uploads\/2025\/03\/presente-para-viajantes-2-768x432.png 768w, https:\/\/encontreseupresente.com.br\/wp-content\/uploads\/2025\/03\/presente-para-viajantes-2-18x10.png 18w, https:\/\/encontreseupresente.com.br\/wp-content\/uploads\/2025\/03\/presente-para-viajantes-2-150x84.png 150w\" sizes=\"auto, (max-width: 800px) 100vw, 800px\" \/><\/figure>\n\n\n\n<hr class=\"wp-block-separator has-alpha-channel-opacity\"\/>\n\n\n\n<h2 class=\"wp-block-heading\"><span class=\"ez-toc-section\" id=\"Listas_Praticas_com_Itens_Divididos_em_3_Categorias\"><\/span>Listas Pr\u00e1ticas com Itens Divididos em 3 Categorias<span class=\"ez-toc-section-end\"><\/span><\/h2>\n\n\n\n<h3 class=\"wp-block-heading\"><span class=\"ez-toc-section\" id=\"1_Presentes_Para_Viajantes_Aventureiros\"><\/span>1. Presentes Para Viajantes Aventureiros<span class=\"ez-toc-section-end\"><\/span><\/h3>\n\n\n\n<ul class=\"wp-block-list\">\n<li><strong>Mochila<\/strong>: Ideal para trilhas e passeios ao ar livre. <\/li>\n\n\n\n<li><strong>C\u00e2mera \u00e0 prova d&#8217;\u00e1gua<\/strong>: Perfeita para registrar momentos em atividades aqu\u00e1ticas. <\/li>\n\n\n\n<li><strong>Jaqueta imperme\u00e1vel<\/strong>: Essencial para aventuras em diferentes climas. <\/li>\n\n\n\n<li><strong>Rastreador de Mala<\/strong>: Tranquilidade extra para n\u00e3o perder a bagagem de vista. <\/li>\n\n\n\n<li><strong>Power Bank<\/strong>: Garante que os dispositivos eletr\u00f4nicos estejam sempre carregados durante a viagem.<\/li>\n<\/ul>\n\n\n<div class=\"hostinger-affiliate-block-wrap\">\n            <div class=\"hostinger-affiliate-block-list-simple\">\n            <div class=\"hostinger-affiliate-block-list-simple__image\">\n                                        <a href=\"https:\/\/www.amazon.com.br\/dp\/B0CP31L73X?tag=andrelnf0d-20\" target=\"_blank\" rel=\"nofollow noopener noreferrer\">\n                            <img decoding=\"async\" src=\"https:\/\/m.media-amazon.com\/images\/I\/414mujvhhdL._AC_.jpg\" alt=\"Kindle 16 GB (Gera\u00e7\u00e3o mais recente) - Leve e compacto, com tela a...\">\n                        <\/a>\n                                <\/div>\n            <div class=\"hostinger-affiliate-block-list-simple__product-data\">\n                <div class=\"hostinger-affiliate-block-list-simple__product-info\">\n                                        <div class=\"hostinger-affiliate-block-list-simple__product-title\">\n                        <a href=\"https:\/\/www.amazon.com.br\/dp\/B0CP31L73X?tag=andrelnf0d-20\" target=\"_blank\" rel=\"nofollow noopener noreferrer\">\n                            <h3><span class=\"ez-toc-section\" id=\"Kindle_16_GB_Geracao_mais_recente_%E2%80%93_Leve_e_compacto_com_tela_a%E2%80%A6\"><\/span>\n                                Kindle 16 GB (Gera\u00e7\u00e3o mais recente) &#8211; Leve e compacto, com tela a&#8230;                            <span class=\"ez-toc-section-end\"><\/span><\/h3>\n                        <\/a>\n                    <\/div>\n                    <div class=\"hostinger-affiliate-block-list-simple__product-pricing\">\n                                                    <div class=\"hostinger-affiliate-block-list-simple__product-price\">\n                                R$559,00                            <\/div>\n                                                <\/div>\n                <\/div>\n                <div class=\"hostinger-affiliate-block-list-simple__product-actions\">\n                    <div>\n                        <a href=\"https:\/\/www.amazon.com.br\/dp\/B0CP31L73X?tag=andrelnf0d-20\" class=\"hostinger-affiliate-block-list-simple__product-amazon-button\" target=\"_blank\" rel=\"nofollow noopener noreferrer\">\n    Veja na Amazon<\/a>\n                    <\/div>\n                <\/div>\n            <\/div>\n        <\/div>\n                <div class=\"hostinger-affiliate-block-list-simple\">\n            <div class=\"hostinger-affiliate-block-list-simple__image\">\n                                        <a href=\"https:\/\/www.amazon.com.br\/dp\/B07Q1BYL45?tag=andrelnf0d-20\" target=\"_blank\" rel=\"nofollow noopener noreferrer\">\n                            <img decoding=\"async\" src=\"https:\/\/m.media-amazon.com\/images\/I\/41S9hAWDQuL.jpg\" alt=\"Venture Pal Mochila\">\n                        <\/a>\n                                <\/div>\n            <div class=\"hostinger-affiliate-block-list-simple__product-data\">\n                <div class=\"hostinger-affiliate-block-list-simple__product-info\">\n                                        <div class=\"hostinger-affiliate-block-list-simple__product-title\">\n                        <a href=\"https:\/\/www.amazon.com.br\/dp\/B07Q1BYL45?tag=andrelnf0d-20\" target=\"_blank\" rel=\"nofollow noopener noreferrer\">\n                            <h3><span class=\"ez-toc-section\" id=\"Venture_Pal_Mochila\"><\/span>\n                                Venture Pal Mochila                            <span class=\"ez-toc-section-end\"><\/span><\/h3>\n                        <\/a>\n                    <\/div>\n                    <div class=\"hostinger-affiliate-block-list-simple__product-pricing\">\n                                                    <div class=\"hostinger-affiliate-block-list-simple__product-price\">\n                                R$221,81                            <\/div>\n                                                <\/div>\n                <\/div>\n                <div class=\"hostinger-affiliate-block-list-simple__product-actions\">\n                    <div>\n                        <a href=\"https:\/\/www.amazon.com.br\/dp\/B07Q1BYL45?tag=andrelnf0d-20\" class=\"hostinger-affiliate-block-list-simple__product-amazon-button\" target=\"_blank\" rel=\"nofollow noopener noreferrer\">\n    Veja na Amazon<\/a>\n                    <\/div>\n                <\/div>\n            <\/div>\n        <\/div>\n                <div class=\"hostinger-affiliate-block-list-simple\">\n            <div class=\"hostinger-affiliate-block-list-simple__image\">\n                                        <a href=\"https:\/\/www.amazon.com.br\/dp\/B07DW46BG4?tag=andrelnf0d-20\" target=\"_blank\" rel=\"nofollow noopener noreferrer\">\n                            <img decoding=\"async\" src=\"https:\/\/m.media-amazon.com\/images\/I\/51UXuWxrMzL.jpg\" alt=\"VEMONT C\u00e2mera de a\u00e7\u00e3o, c\u00e2mera esportiva 1080p 12MP Full HD 2.0 po...\">\n                        <\/a>\n                                <\/div>\n            <div class=\"hostinger-affiliate-block-list-simple__product-data\">\n                <div class=\"hostinger-affiliate-block-list-simple__product-info\">\n                                        <div class=\"hostinger-affiliate-block-list-simple__product-title\">\n                        <a href=\"https:\/\/www.amazon.com.br\/dp\/B07DW46BG4?tag=andrelnf0d-20\" target=\"_blank\" rel=\"nofollow noopener noreferrer\">\n                            <h3><span class=\"ez-toc-section\" id=\"VEMONT_Camera_de_acao_camera_esportiva_1080p_12MP_Full_HD_20_po%E2%80%A6\"><\/span>\n                                VEMONT C\u00e2mera de a\u00e7\u00e3o, c\u00e2mera esportiva 1080p 12MP Full HD 2.0 po&#8230;                            <span class=\"ez-toc-section-end\"><\/span><\/h3>\n                        <\/a>\n                    <\/div>\n                    <div class=\"hostinger-affiliate-block-list-simple__product-pricing\">\n                                                    <div class=\"hostinger-affiliate-block-list-simple__product-price\">\n                                R$140,00                            <\/div>\n                                                <\/div>\n                <\/div>\n                <div class=\"hostinger-affiliate-block-list-simple__product-actions\">\n                    <div>\n                        <a href=\"https:\/\/www.amazon.com.br\/dp\/B07DW46BG4?tag=andrelnf0d-20\" class=\"hostinger-affiliate-block-list-simple__product-amazon-button\" target=\"_blank\" rel=\"nofollow noopener noreferrer\">\n    Veja na Amazon<\/a>\n                    <\/div>\n                <\/div>\n            <\/div>\n        <\/div>\n                <div class=\"hostinger-affiliate-block-list-simple\">\n            <div class=\"hostinger-affiliate-block-list-simple__image\">\n                                        <a href=\"https:\/\/www.amazon.com.br\/dp\/B097BLX5TN?tag=andrelnf0d-20\" target=\"_blank\" rel=\"nofollow noopener noreferrer\">\n                            <img decoding=\"async\" src=\"https:\/\/m.media-amazon.com\/images\/I\/41lz0z-BBML.jpg\" alt=\"Jaqueta corta-vento masculina leve, de manga comprida\">\n                        <\/a>\n                                <\/div>\n            <div class=\"hostinger-affiliate-block-list-simple__product-data\">\n                <div class=\"hostinger-affiliate-block-list-simple__product-info\">\n                                        <div class=\"hostinger-affiliate-block-list-simple__product-title\">\n                        <a href=\"https:\/\/www.amazon.com.br\/dp\/B097BLX5TN?tag=andrelnf0d-20\" target=\"_blank\" rel=\"nofollow noopener noreferrer\">\n                            <h3><span class=\"ez-toc-section\" id=\"Jaqueta_corta-vento_masculina_leve_de_manga_comprida\"><\/span>\n                                Jaqueta corta-vento masculina leve, de manga comprida                            <span class=\"ez-toc-section-end\"><\/span><\/h3>\n                        <\/a>\n                    <\/div>\n                    <div class=\"hostinger-affiliate-block-list-simple__product-pricing\">\n                                                    <div class=\"hostinger-affiliate-block-list-simple__product-price\">\n                                R$229,00                            <\/div>\n                                                <\/div>\n                <\/div>\n                <div class=\"hostinger-affiliate-block-list-simple__product-actions\">\n                    <div>\n                        <a href=\"https:\/\/www.amazon.com.br\/dp\/B097BLX5TN?tag=andrelnf0d-20\" class=\"hostinger-affiliate-block-list-simple__product-amazon-button\" target=\"_blank\" rel=\"nofollow noopener noreferrer\">\n    Veja na Amazon<\/a>\n                    <\/div>\n                <\/div>\n            <\/div>\n        <\/div>\n                <div class=\"hostinger-affiliate-block-list-simple\">\n            <div class=\"hostinger-affiliate-block-list-simple__image\">\n                                        <a href=\"https:\/\/www.amazon.com.br\/dp\/B09MC66571?tag=andrelnf0d-20\" target=\"_blank\" rel=\"nofollow noopener noreferrer\">\n                            <img decoding=\"async\" src=\"https:\/\/m.media-amazon.com\/images\/I\/312dhsRDfiL.jpg\" alt=\"Jaqueta Trifil Corta Vento H05979\">\n                        <\/a>\n                                <\/div>\n            <div class=\"hostinger-affiliate-block-list-simple__product-data\">\n                <div class=\"hostinger-affiliate-block-list-simple__product-info\">\n                                        <div class=\"hostinger-affiliate-block-list-simple__product-title\">\n                        <a href=\"https:\/\/www.amazon.com.br\/dp\/B09MC66571?tag=andrelnf0d-20\" target=\"_blank\" rel=\"nofollow noopener noreferrer\">\n                            <h3><span class=\"ez-toc-section\" id=\"Jaqueta_Trifil_Corta_Vento_H05979\"><\/span>\n                                Jaqueta Trifil Corta Vento H05979                            <span class=\"ez-toc-section-end\"><\/span><\/h3>\n                        <\/a>\n                    <\/div>\n                    <div class=\"hostinger-affiliate-block-list-simple__product-pricing\">\n                                                    <div class=\"hostinger-affiliate-block-list-simple__product-price\">\n                                R$132,50                            <\/div>\n                                                <\/div>\n                <\/div>\n                <div class=\"hostinger-affiliate-block-list-simple__product-actions\">\n                    <div>\n                        <a href=\"https:\/\/www.amazon.com.br\/dp\/B09MC66571?tag=andrelnf0d-20\" class=\"hostinger-affiliate-block-list-simple__product-amazon-button\" target=\"_blank\" rel=\"nofollow noopener noreferrer\">\n    Veja na Amazon<\/a>\n                    <\/div>\n                <\/div>\n            <\/div>\n        <\/div>\n                <div class=\"hostinger-affiliate-block-list-simple\">\n            <div class=\"hostinger-affiliate-block-list-simple__image\">\n                                        <a href=\"https:\/\/www.amazon.com.br\/dp\/B07ZB4MVPN?tag=andrelnf0d-20\" target=\"_blank\" rel=\"nofollow noopener noreferrer\">\n                            <img decoding=\"async\" src=\"https:\/\/m.media-amazon.com\/images\/I\/31FLRfvRpsL.jpg\" alt=\"Bast\u00e3o de selfie extens\u00edvel para c\u00e2mera de a\u00e7\u00e3o, port\u00e1til Vlog Se...\">\n                        <\/a>\n                                <\/div>\n            <div class=\"hostinger-affiliate-block-list-simple__product-data\">\n                <div class=\"hostinger-affiliate-block-list-simple__product-info\">\n                                        <div class=\"hostinger-affiliate-block-list-simple__product-title\">\n                        <a href=\"https:\/\/www.amazon.com.br\/dp\/B07ZB4MVPN?tag=andrelnf0d-20\" target=\"_blank\" rel=\"nofollow noopener noreferrer\">\n                            <h3><span class=\"ez-toc-section\" id=\"Bastao_de_selfie_extensivel_para_camera_de_acao_portatil_Vlog_Se%E2%80%A6\"><\/span>\n                                Bast\u00e3o de selfie extens\u00edvel para c\u00e2mera de a\u00e7\u00e3o, port\u00e1til Vlog Se&#8230;                            <span class=\"ez-toc-section-end\"><\/span><\/h3>\n                        <\/a>\n                    <\/div>\n                    <div class=\"hostinger-affiliate-block-list-simple__product-pricing\">\n                                                    <div class=\"hostinger-affiliate-block-list-simple__product-price\">\n                                R$94,00                            <\/div>\n                                                <\/div>\n                <\/div>\n                <div class=\"hostinger-affiliate-block-list-simple__product-actions\">\n                    <div>\n                        <a href=\"https:\/\/www.amazon.com.br\/dp\/B07ZB4MVPN?tag=andrelnf0d-20\" class=\"hostinger-affiliate-block-list-simple__product-amazon-button\" target=\"_blank\" rel=\"nofollow noopener noreferrer\">\n    Veja na Amazon<\/a>\n                    <\/div>\n                <\/div>\n            <\/div>\n        <\/div>\n        <\/div>\n\n\n\n<p><strong>++ Veja tamb\u00e9m<\/strong>:&nbsp;<a href=\"https:\/\/encontreseupresente.com.br\/en\/presentes-por-estilo-de-vida\/\" target=\"_blank\" rel=\"noreferrer noopener\">Presentes por Estilo de Vida:&nbsp;<strong>Como Escolher Algo que Realmente Faz Sucesso!<\/strong><\/a><\/p>\n\n\n\n<h3 class=\"wp-block-heading\"><span class=\"ez-toc-section\" id=\"2_Presentes_Para_Viajantes_Iniciantes\"><\/span>2. Presentes Para Viajantes Iniciantes<span class=\"ez-toc-section-end\"><\/span><\/h3>\n\n\n\n<ul class=\"wp-block-list\">\n<li><strong>Di\u00e1rio de Viagem<\/strong>: Para registrar mem\u00f3rias e experi\u00eancias durante a viagem. <\/li>\n\n\n\n<li><strong>Kit de materiais para \u00e1lbuns<\/strong>: Ideal para montar \u00e1lbuns de fotos e recorda\u00e7\u00f5es. <\/li>\n\n\n\n<li><strong>Colar com Pingente de Passaporte<\/strong>: Um acess\u00f3rio charmoso para quem ama viajar. <\/li>\n\n\n\n<li><strong>Etiquetas de Mala<\/strong>: Identificadores coloridos e divertidos para a bagagem. <\/li>\n\n\n\n<li><strong>Bolsa para Cosm\u00e9ticos<\/strong>: Para manter os produtos de beleza organizados. <\/li>\n\n\n\n<li><strong>Organizador de Acess\u00f3rios Eletr\u00f4nicos<\/strong>: Mant\u00e9m cabos, carregadores e outros itens organizados e acess\u00edveis.<\/li>\n<\/ul>\n\n\n<div class=\"hostinger-affiliate-block-wrap\">\n            <div class=\"hostinger-affiliate-block-list-simple\">\n            <div class=\"hostinger-affiliate-block-list-simple__image\">\n                                        <a href=\"https:\/\/www.amazon.com.br\/dp\/B07MVLG85D?tag=andrelnf0d-20\" target=\"_blank\" rel=\"nofollow noopener noreferrer\">\n                            <img decoding=\"async\" src=\"https:\/\/m.media-amazon.com\/images\/I\/41Y0aDF61JL.jpg\" alt=\"Di\u00e1rios de Viagem em Couro Caderno M\u00e9dio (Marrom Ferrugem)\">\n                        <\/a>\n                                <\/div>\n            <div class=\"hostinger-affiliate-block-list-simple__product-data\">\n                <div class=\"hostinger-affiliate-block-list-simple__product-info\">\n                                        <div class=\"hostinger-affiliate-block-list-simple__product-title\">\n                        <a href=\"https:\/\/www.amazon.com.br\/dp\/B07MVLG85D?tag=andrelnf0d-20\" target=\"_blank\" rel=\"nofollow noopener noreferrer\">\n                            <h3><span class=\"ez-toc-section\" id=\"Diarios_de_Viagem_em_Couro_Caderno_Medio_Marrom_Ferrugem\"><\/span>\n                                Di\u00e1rios de Viagem em Couro Caderno M\u00e9dio (Marrom Ferrugem)                            <span class=\"ez-toc-section-end\"><\/span><\/h3>\n                        <\/a>\n                    <\/div>\n                    <div class=\"hostinger-affiliate-block-list-simple__product-pricing\">\n                                                    <div class=\"hostinger-affiliate-block-list-simple__product-price\">\n                                R$58,00                            <\/div>\n                                                <\/div>\n                <\/div>\n                <div class=\"hostinger-affiliate-block-list-simple__product-actions\">\n                    <div>\n                        <a href=\"https:\/\/www.amazon.com.br\/dp\/B07MVLG85D?tag=andrelnf0d-20\" class=\"hostinger-affiliate-block-list-simple__product-amazon-button\" target=\"_blank\" rel=\"nofollow noopener noreferrer\">\n    Veja na Amazon<\/a>\n                    <\/div>\n                <\/div>\n            <\/div>\n        <\/div>\n                <div class=\"hostinger-affiliate-block-list-simple\">\n            <div class=\"hostinger-affiliate-block-list-simple__image\">\n                                        <a href=\"https:\/\/www.amazon.com.br\/dp\/B0D9GVVCLD?tag=andrelnf0d-20\" target=\"_blank\" rel=\"nofollow noopener noreferrer\">\n                            <img decoding=\"async\" src=\"https:\/\/m.media-amazon.com\/images\/I\/410aALsHhaL.jpg\" alt=\"Fintie Etiquetas de Bagagem, 2 Peas com Capa de Privacidade e Ala...\">\n                        <\/a>\n                                <\/div>\n            <div class=\"hostinger-affiliate-block-list-simple__product-data\">\n                <div class=\"hostinger-affiliate-block-list-simple__product-info\">\n                                        <div class=\"hostinger-affiliate-block-list-simple__product-title\">\n                        <a href=\"https:\/\/www.amazon.com.br\/dp\/B0D9GVVCLD?tag=andrelnf0d-20\" target=\"_blank\" rel=\"nofollow noopener noreferrer\">\n                            <h3><span class=\"ez-toc-section\" id=\"Fintie_Etiquetas_de_Bagagem_2_Peas_com_Capa_de_Privacidade_e_Ala%E2%80%A6\"><\/span>\n                                Fintie Etiquetas de Bagagem, 2 Peas com Capa de Privacidade e Ala&#8230;                            <span class=\"ez-toc-section-end\"><\/span><\/h3>\n                        <\/a>\n                    <\/div>\n                    <div class=\"hostinger-affiliate-block-list-simple__product-pricing\">\n                                                    <div class=\"hostinger-affiliate-block-list-simple__product-price\">\n                                R$139,38                            <\/div>\n                                                <\/div>\n                <\/div>\n                <div class=\"hostinger-affiliate-block-list-simple__product-actions\">\n                    <div>\n                        <a href=\"https:\/\/www.amazon.com.br\/dp\/B0D9GVVCLD?tag=andrelnf0d-20\" class=\"hostinger-affiliate-block-list-simple__product-amazon-button\" target=\"_blank\" rel=\"nofollow noopener noreferrer\">\n    Veja na Amazon<\/a>\n                    <\/div>\n                <\/div>\n            <\/div>\n        <\/div>\n                <div class=\"hostinger-affiliate-block-list-simple\">\n            <div class=\"hostinger-affiliate-block-list-simple__image\">\n                                        <a href=\"https:\/\/www.amazon.com.br\/dp\/B07DQBC6NH?tag=andrelnf0d-20\" target=\"_blank\" rel=\"nofollow noopener noreferrer\">\n                            <img decoding=\"async\" src=\"https:\/\/m.media-amazon.com\/images\/I\/41vlHGVeYOL.jpg\" alt=\"UGREEN Estojo r\u00edgido organizador de viagem para eletr\u00f4nicos, bols...\">\n                        <\/a>\n                                <\/div>\n            <div class=\"hostinger-affiliate-block-list-simple__product-data\">\n                <div class=\"hostinger-affiliate-block-list-simple__product-info\">\n                                        <div class=\"hostinger-affiliate-block-list-simple__product-title\">\n                        <a href=\"https:\/\/www.amazon.com.br\/dp\/B07DQBC6NH?tag=andrelnf0d-20\" target=\"_blank\" rel=\"nofollow noopener noreferrer\">\n                            <h3><span class=\"ez-toc-section\" id=\"UGREEN_Estojo_rigido_organizador_de_viagem_para_eletronicos_bols%E2%80%A6\"><\/span>\n                                UGREEN Estojo r\u00edgido organizador de viagem para eletr\u00f4nicos, bols&#8230;                            <span class=\"ez-toc-section-end\"><\/span><\/h3>\n                        <\/a>\n                    <\/div>\n                    <div class=\"hostinger-affiliate-block-list-simple__product-pricing\">\n                                                    <div class=\"hostinger-affiliate-block-list-simple__product-price\">\n                                R$116,65                            <\/div>\n                                                <\/div>\n                <\/div>\n                <div class=\"hostinger-affiliate-block-list-simple__product-actions\">\n                    <div>\n                        <a href=\"https:\/\/www.amazon.com.br\/dp\/B07DQBC6NH?tag=andrelnf0d-20\" class=\"hostinger-affiliate-block-list-simple__product-amazon-button\" target=\"_blank\" rel=\"nofollow noopener noreferrer\">\n    Veja na Amazon<\/a>\n                    <\/div>\n                <\/div>\n            <\/div>\n        <\/div>\n                <div class=\"hostinger-affiliate-block-list-simple\">\n            <div class=\"hostinger-affiliate-block-list-simple__image\">\n                                        <a href=\"https:\/\/www.amazon.com.br\/dp\/B0CCZN3WWS?tag=andrelnf0d-20\" target=\"_blank\" rel=\"nofollow noopener noreferrer\">\n                            <img decoding=\"async\" src=\"https:\/\/m.media-amazon.com\/images\/I\/51gtRjdGsPL.jpg\" alt=\"Suporte de telefone de viagem de avi\u00e3o: Suporte universal para te...\">\n                        <\/a>\n                                <\/div>\n            <div class=\"hostinger-affiliate-block-list-simple__product-data\">\n                <div class=\"hostinger-affiliate-block-list-simple__product-info\">\n                                        <div class=\"hostinger-affiliate-block-list-simple__product-title\">\n                        <a href=\"https:\/\/www.amazon.com.br\/dp\/B0CCZN3WWS?tag=andrelnf0d-20\" target=\"_blank\" rel=\"nofollow noopener noreferrer\">\n                            <h3><span class=\"ez-toc-section\" id=\"Suporte_de_telefone_de_viagem_de_aviao_Suporte_universal_para_te%E2%80%A6\"><\/span>\n                                Suporte de telefone de viagem de avi\u00e3o: Suporte universal para te&#8230;                            <span class=\"ez-toc-section-end\"><\/span><\/h3>\n                        <\/a>\n                    <\/div>\n                    <div class=\"hostinger-affiliate-block-list-simple__product-pricing\">\n                                                    <div class=\"hostinger-affiliate-block-list-simple__product-price\">\n                                R$123,00                            <\/div>\n                                                <\/div>\n                <\/div>\n                <div class=\"hostinger-affiliate-block-list-simple__product-actions\">\n                    <div>\n                        <a href=\"https:\/\/www.amazon.com.br\/dp\/B0CCZN3WWS?tag=andrelnf0d-20\" class=\"hostinger-affiliate-block-list-simple__product-amazon-button\" target=\"_blank\" rel=\"nofollow noopener noreferrer\">\n    Veja na Amazon<\/a>\n                    <\/div>\n                <\/div>\n            <\/div>\n        <\/div>\n                <div class=\"hostinger-affiliate-block-list-simple\">\n            <div class=\"hostinger-affiliate-block-list-simple__image\">\n                                        <a href=\"https:\/\/www.amazon.com.br\/dp\/B0BX8WSXFG?tag=andrelnf0d-20\" target=\"_blank\" rel=\"nofollow noopener noreferrer\">\n                            <img decoding=\"async\" src=\"https:\/\/m.media-amazon.com\/images\/I\/317PCBjm1iL.jpg\" alt=\"CAMERA INSTAX MINI 12 ROSA GLOSS\">\n                        <\/a>\n                                <\/div>\n            <div class=\"hostinger-affiliate-block-list-simple__product-data\">\n                <div class=\"hostinger-affiliate-block-list-simple__product-info\">\n                                        <div class=\"hostinger-affiliate-block-list-simple__product-title\">\n                        <a href=\"https:\/\/www.amazon.com.br\/dp\/B0BX8WSXFG?tag=andrelnf0d-20\" target=\"_blank\" rel=\"nofollow noopener noreferrer\">\n                            <h3><span class=\"ez-toc-section\" id=\"CAMERA_INSTAX_MINI_12_ROSA_GLOSS\"><\/span>\n                                CAMERA INSTAX MINI 12 ROSA GLOSS                            <span class=\"ez-toc-section-end\"><\/span><\/h3>\n                        <\/a>\n                    <\/div>\n                    <div class=\"hostinger-affiliate-block-list-simple__product-pricing\">\n                                                    <div class=\"hostinger-affiliate-block-list-simple__product-price\">\n                                R$399,90                            <\/div>\n                                                <\/div>\n                <\/div>\n                <div class=\"hostinger-affiliate-block-list-simple__product-actions\">\n                    <div>\n                        <a href=\"https:\/\/www.amazon.com.br\/dp\/B0BX8WSXFG?tag=andrelnf0d-20\" class=\"hostinger-affiliate-block-list-simple__product-amazon-button\" target=\"_blank\" rel=\"nofollow noopener noreferrer\">\n    Veja na Amazon<\/a>\n                    <\/div>\n                <\/div>\n            <\/div>\n        <\/div>\n        <\/div>\n\n\n\n<h3 class=\"wp-block-heading\"><span class=\"ez-toc-section\" id=\"3_Presentes_Para_Viajantes_de_Negocios\"><\/span>3. Presentes Para Viajantes de Neg\u00f3cios<span class=\"ez-toc-section-end\"><\/span><\/h3>\n\n\n\n<ul class=\"wp-block-list\">\n<li><strong>Kit de Higiene Pessoal<\/strong>: Mantenha seus produtos de higiene organizados e acess\u00edveis<\/li>\n\n\n\n<li><strong>Power Bank<\/strong>: Garante que os dispositivos eletr\u00f4nicos estejam sempre carregados durante a viagem.<\/li>\n\n\n\n<li> <strong>Fone de Ouvido com Cancelamento de Ru\u00eddo<\/strong>: Proporciona conforto e tranquilidade durante voos e longas viagens.<\/li>\n\n\n\n<li><strong>Mala de m\u00e3o executiva:<\/strong> Ideal para viagens de trabalho, com compartimentos para laptop e documentos.<\/li>\n<\/ul>\n\n\n<div class=\"hostinger-affiliate-block-wrap\">\n            <div class=\"hostinger-affiliate-block-list-simple\">\n            <div class=\"hostinger-affiliate-block-list-simple__image\">\n                                        <a href=\"https:\/\/www.amazon.com.br\/dp\/B0BTBTQPX2?tag=andrelnf0d-20\" target=\"_blank\" rel=\"nofollow noopener noreferrer\">\n                            <img decoding=\"async\" src=\"https:\/\/m.media-amazon.com\/images\/I\/31J31uKT3dL.jpg\" alt=\"BAGSMART Bolsa de higiene para homens, organizador de artigos de ...\">\n                        <\/a>\n                                <\/div>\n            <div class=\"hostinger-affiliate-block-list-simple__product-data\">\n                <div class=\"hostinger-affiliate-block-list-simple__product-info\">\n                                        <div class=\"hostinger-affiliate-block-list-simple__product-title\">\n                        <a href=\"https:\/\/www.amazon.com.br\/dp\/B0BTBTQPX2?tag=andrelnf0d-20\" target=\"_blank\" rel=\"nofollow noopener noreferrer\">\n                            <h3><span class=\"ez-toc-section\" id=\"BAGSMART_Bolsa_de_higiene_para_homens_organizador_de_artigos_de_%E2%80%A6\"><\/span>\n                                BAGSMART Bolsa de higiene para homens, organizador de artigos de &#8230;                            <span class=\"ez-toc-section-end\"><\/span><\/h3>\n                        <\/a>\n                    <\/div>\n                    <div class=\"hostinger-affiliate-block-list-simple__product-pricing\">\n                                                    <div class=\"hostinger-affiliate-block-list-simple__product-price\">\n                                R$148,56                            <\/div>\n                                                <\/div>\n                <\/div>\n                <div class=\"hostinger-affiliate-block-list-simple__product-actions\">\n                    <div>\n                        <a href=\"https:\/\/www.amazon.com.br\/dp\/B0BTBTQPX2?tag=andrelnf0d-20\" class=\"hostinger-affiliate-block-list-simple__product-amazon-button\" target=\"_blank\" rel=\"nofollow noopener noreferrer\">\n    Veja na Amazon<\/a>\n                    <\/div>\n                <\/div>\n            <\/div>\n        <\/div>\n                <div class=\"hostinger-affiliate-block-list-simple\">\n            <div class=\"hostinger-affiliate-block-list-simple__image\">\n                                        <a href=\"https:\/\/www.amazon.com.br\/dp\/B094YS5TDH?tag=andrelnf0d-20\" target=\"_blank\" rel=\"nofollow noopener noreferrer\">\n                            <img decoding=\"async\" src=\"https:\/\/m.media-amazon.com\/images\/I\/412Hd1lEWXS.jpg\" alt=\"I2GO, Carregador Port\u00e1til (Power Bank) 10000mAh, 2 Sa\u00eddas USB + 1...\">\n                        <\/a>\n                                <\/div>\n            <div class=\"hostinger-affiliate-block-list-simple__product-data\">\n                <div class=\"hostinger-affiliate-block-list-simple__product-info\">\n                                        <div class=\"hostinger-affiliate-block-list-simple__product-title\">\n                        <a href=\"https:\/\/www.amazon.com.br\/dp\/B094YS5TDH?tag=andrelnf0d-20\" target=\"_blank\" rel=\"nofollow noopener noreferrer\">\n                            <h3><span class=\"ez-toc-section\" id=\"I2GO_Carregador_Portatil_Power_Bank_10000mAh_2_Saidas_USB_1%E2%80%A6\"><\/span>\n                                I2GO, Carregador Port\u00e1til (Power Bank) 10000mAh, 2 Sa\u00eddas USB + 1&#8230;                            <span class=\"ez-toc-section-end\"><\/span><\/h3>\n                        <\/a>\n                    <\/div>\n                    <div class=\"hostinger-affiliate-block-list-simple__product-pricing\">\n                                                    <div class=\"hostinger-affiliate-block-list-simple__product-price\">\n                                R$99,90                            <\/div>\n                                                <\/div>\n                <\/div>\n                <div class=\"hostinger-affiliate-block-list-simple__product-actions\">\n                    <div>\n                        <a href=\"https:\/\/www.amazon.com.br\/dp\/B094YS5TDH?tag=andrelnf0d-20\" class=\"hostinger-affiliate-block-list-simple__product-amazon-button\" target=\"_blank\" rel=\"nofollow noopener noreferrer\">\n    Veja na Amazon<\/a>\n                    <\/div>\n                <\/div>\n            <\/div>\n        <\/div>\n                <div class=\"hostinger-affiliate-block-list-simple\">\n            <div class=\"hostinger-affiliate-block-list-simple__image\">\n                                        <a href=\"https:\/\/www.amazon.com.br\/dp\/B0BMKJ9HGT?tag=andrelnf0d-20\" target=\"_blank\" rel=\"nofollow noopener noreferrer\">\n                            <img decoding=\"async\" src=\"https:\/\/m.media-amazon.com\/images\/I\/31zktk9xfWL.jpg\" alt=\"Fone de Ouvido Bluetooth QCY HT05 Melobuds ANC, Fone Cancelamento...\">\n                        <\/a>\n                                <\/div>\n            <div class=\"hostinger-affiliate-block-list-simple__product-data\">\n                <div class=\"hostinger-affiliate-block-list-simple__product-info\">\n                                        <div class=\"hostinger-affiliate-block-list-simple__product-title\">\n                        <a href=\"https:\/\/www.amazon.com.br\/dp\/B0BMKJ9HGT?tag=andrelnf0d-20\" target=\"_blank\" rel=\"nofollow noopener noreferrer\">\n                            <h3><span class=\"ez-toc-section\" id=\"Fone_de_Ouvido_Bluetooth_QCY_HT05_Melobuds_ANC_Fone_Cancelamento%E2%80%A6\"><\/span>\n                                Fone de Ouvido Bluetooth QCY HT05 Melobuds ANC, Fone Cancelamento&#8230;                            <span class=\"ez-toc-section-end\"><\/span><\/h3>\n                        <\/a>\n                    <\/div>\n                    <div class=\"hostinger-affiliate-block-list-simple__product-pricing\">\n                                                    <div class=\"hostinger-affiliate-block-list-simple__product-price\">\n                                R$211,65                            <\/div>\n                                                <\/div>\n                <\/div>\n                <div class=\"hostinger-affiliate-block-list-simple__product-actions\">\n                    <div>\n                        <a href=\"https:\/\/www.amazon.com.br\/dp\/B0BMKJ9HGT?tag=andrelnf0d-20\" class=\"hostinger-affiliate-block-list-simple__product-amazon-button\" target=\"_blank\" rel=\"nofollow noopener noreferrer\">\n    Veja na Amazon<\/a>\n                    <\/div>\n                <\/div>\n            <\/div>\n        <\/div>\n                <div class=\"hostinger-affiliate-block-list-simple\">\n            <div class=\"hostinger-affiliate-block-list-simple__image\">\n                                        <a href=\"https:\/\/www.amazon.com.br\/dp\/B08CGCF5PK?tag=andrelnf0d-20\" target=\"_blank\" rel=\"nofollow noopener noreferrer\">\n                            <img decoding=\"async\" src=\"https:\/\/m.media-amazon.com\/images\/I\/31d30EgOV+L.jpg\" alt=\"Lenna&#039;s Bolsa Pasta Maleta de M\u00e3o com Estilo Executivo Masculino ...\">\n                        <\/a>\n                                <\/div>\n            <div class=\"hostinger-affiliate-block-list-simple__product-data\">\n                <div class=\"hostinger-affiliate-block-list-simple__product-info\">\n                                        <div class=\"hostinger-affiliate-block-list-simple__product-title\">\n                        <a href=\"https:\/\/www.amazon.com.br\/dp\/B08CGCF5PK?tag=andrelnf0d-20\" target=\"_blank\" rel=\"nofollow noopener noreferrer\">\n                            <h3><span class=\"ez-toc-section\" id=\"Lennas_Bolsa_Pasta_Maleta_de_Mao_com_Estilo_Executivo_Masculino_%E2%80%A6\"><\/span>\n                                Lenna&#8217;s Bolsa Pasta Maleta de M\u00e3o com Estilo Executivo Masculino &#8230;                            <span class=\"ez-toc-section-end\"><\/span><\/h3>\n                        <\/a>\n                    <\/div>\n                    <div class=\"hostinger-affiliate-block-list-simple__product-pricing\">\n                                                    <div class=\"hostinger-affiliate-block-list-simple__product-price\">\n                                R$186,00                            <\/div>\n                                                <\/div>\n                <\/div>\n                <div class=\"hostinger-affiliate-block-list-simple__product-actions\">\n                    <div>\n                        <a href=\"https:\/\/www.amazon.com.br\/dp\/B08CGCF5PK?tag=andrelnf0d-20\" class=\"hostinger-affiliate-block-list-simple__product-amazon-button\" target=\"_blank\" rel=\"nofollow noopener noreferrer\">\n    Veja na Amazon<\/a>\n                    <\/div>\n                <\/div>\n            <\/div>\n        <\/div>\n                <div class=\"hostinger-affiliate-block-list-simple\">\n            <div class=\"hostinger-affiliate-block-list-simple__image\">\n                                        <a href=\"https:\/\/www.amazon.com.br\/dp\/B0BM3W3YNG?tag=andrelnf0d-20\" target=\"_blank\" rel=\"nofollow noopener noreferrer\">\n                            <img decoding=\"async\" src=\"https:\/\/m.media-amazon.com\/images\/I\/419XH2354YL.jpg\" alt=\"Carteira Porta Passaporte (Preto)\">\n                        <\/a>\n                                <\/div>\n            <div class=\"hostinger-affiliate-block-list-simple__product-data\">\n                <div class=\"hostinger-affiliate-block-list-simple__product-info\">\n                                        <div class=\"hostinger-affiliate-block-list-simple__product-title\">\n                        <a href=\"https:\/\/www.amazon.com.br\/dp\/B0BM3W3YNG?tag=andrelnf0d-20\" target=\"_blank\" rel=\"nofollow noopener noreferrer\">\n                            <h3><span class=\"ez-toc-section\" id=\"Carteira_Porta_Passaporte_Preto\"><\/span>\n                                Carteira Porta Passaporte (Preto)                            <span class=\"ez-toc-section-end\"><\/span><\/h3>\n                        <\/a>\n                    <\/div>\n                    <div class=\"hostinger-affiliate-block-list-simple__product-pricing\">\n                                                    <div class=\"hostinger-affiliate-block-list-simple__product-price\">\n                                R$139,90                            <\/div>\n                                                <\/div>\n                <\/div>\n                <div class=\"hostinger-affiliate-block-list-simple__product-actions\">\n                    <div>\n                        <a href=\"https:\/\/www.amazon.com.br\/dp\/B0BM3W3YNG?tag=andrelnf0d-20\" class=\"hostinger-affiliate-block-list-simple__product-amazon-button\" target=\"_blank\" rel=\"nofollow noopener noreferrer\">\n    Veja na Amazon<\/a>\n                    <\/div>\n                <\/div>\n            <\/div>\n        <\/div>\n                <div class=\"hostinger-affiliate-block-list-simple\">\n            <div class=\"hostinger-affiliate-block-list-simple__image\">\n                                        <a href=\"https:\/\/www.amazon.com.br\/dp\/B09712FSLY?tag=andrelnf0d-20\" target=\"_blank\" rel=\"nofollow noopener noreferrer\">\n                            <img decoding=\"async\" src=\"https:\/\/m.media-amazon.com\/images\/I\/41+-4eGsH-L.jpg\" alt=\"WAOAW M\u00e1scara de dormir para homens e mulheres: M\u00e1scaras blackout...\">\n                        <\/a>\n                                <\/div>\n            <div class=\"hostinger-affiliate-block-list-simple__product-data\">\n                <div class=\"hostinger-affiliate-block-list-simple__product-info\">\n                                        <div class=\"hostinger-affiliate-block-list-simple__product-title\">\n                        <a href=\"https:\/\/www.amazon.com.br\/dp\/B09712FSLY?tag=andrelnf0d-20\" target=\"_blank\" rel=\"nofollow noopener noreferrer\">\n                            <h3><span class=\"ez-toc-section\" id=\"WAOAW_Mascara_de_dormir_para_homens_e_mulheres_Mascaras_blackout%E2%80%A6\"><\/span>\n                                WAOAW M\u00e1scara de dormir para homens e mulheres: M\u00e1scaras blackout&#8230;                            <span class=\"ez-toc-section-end\"><\/span><\/h3>\n                        <\/a>\n                    <\/div>\n                    <div class=\"hostinger-affiliate-block-list-simple__product-pricing\">\n                                                    <div class=\"hostinger-affiliate-block-list-simple__product-price\">\n                                R$155,57                            <\/div>\n                                                <\/div>\n                <\/div>\n                <div class=\"hostinger-affiliate-block-list-simple__product-actions\">\n                    <div>\n                        <a href=\"https:\/\/www.amazon.com.br\/dp\/B09712FSLY?tag=andrelnf0d-20\" class=\"hostinger-affiliate-block-list-simple__product-amazon-button\" target=\"_blank\" rel=\"nofollow noopener noreferrer\">\n    Veja na Amazon<\/a>\n                    <\/div>\n                <\/div>\n            <\/div>\n        <\/div>\n        <\/div>\n\n\n\n<hr class=\"wp-block-separator has-alpha-channel-opacity\"\/>\n\n\n\n<h2 class=\"wp-block-heading\"><span class=\"ez-toc-section\" id=\"Como_Tornar_o_Presente_Ainda_Mais_Especial\"><\/span>Como Tornar o Presente Ainda Mais Especial?<span class=\"ez-toc-section-end\"><\/span><\/h2>\n\n\n\n<ul class=\"wp-block-list\">\n<li><strong>Personalize<\/strong>: Adicione o nome do viajante ou uma mensagem especial.<\/li>\n\n\n\n<li><strong>Embrulhe com capricho<\/strong>: Um presente bem embalado j\u00e1 impressiona.<\/li>\n\n\n\n<li><strong>Entregue com um cart\u00e3o sincero<\/strong>: Escreva uma mensagem de admira\u00e7\u00e3o pela paix\u00e3o dele(a) por viajar.<\/li>\n<\/ul>\n\n\n\n<p>Gatita finaliza: &#8220;E se quiserem me presentear tamb\u00e9m, eu aceito uma passagem s\u00f3 de ida para o para\u00edso dos petiscos de frango. S\u00f3 avisando!&#8221;<\/p>\n\n\n\n<hr class=\"wp-block-separator has-alpha-channel-opacity\"\/>\n\n\n\n<h2 class=\"wp-block-heading\"><span class=\"ez-toc-section\" id=\"Conclusao\"><\/span>Conclus\u00e3o<span class=\"ez-toc-section-end\"><\/span><\/h2>\n\n\n\n<p>Escolher um presente para um viajante n\u00e3o precisa ser um bicho de sete cabe\u00e7as. <\/p>\n\n\n\n<p>Com as dicas e ideias que eu trouxe aqui, voc\u00ea vai acertar em cheio e ainda ganhar um lugar especial no cora\u00e7\u00e3o do viajante. <\/p>\n\n\n\n<p>Lembre-se: o mais importante \u00e9 a inten\u00e7\u00e3o e o carinho por tr\u00e1s do presente.<\/p>\n\n\n\n<p>E a\u00ed, qual presente voc\u00ea mais gostou? <\/p>\n\n\n\n<p>Tem outra sugest\u00e3o infal\u00edvel? <\/p>\n\n\n\n<p>Me conta nos coment\u00e1rios e vejo se a Gatita aprova!<\/p>\n\n\n\n<p><strong>At\u00e9 a pr\u00f3xima!<\/strong><\/p>\n\n\n\n<h2 class=\"wp-block-heading\"><span class=\"ez-toc-section\" id=\"FAQ_Presentes_e_Dicas_para_Viajantes\"><\/span><strong>FAQ: Presentes e Dicas para Viajantes<\/strong><span class=\"ez-toc-section-end\"><\/span><\/h2>\n\n\n\n<div class=\"wp-block-aab-group-accordion searchable aagb_accordion_bb0e92a8_1 click false\" id=\"group-accordion-bb0e92a8_1\">\n<style>.aagb__accordion_container.no-pro-plan .aagb__accordion_body { padding:  10px !important; }<\/style><div class=\"wp-block-aab-accordion-item aagb__accordion_container panel\" style=\"border:1px solid #bcb6b638;margin-top:0px;margin-bottom:15px\"><div class=\"aagb__accordion_head aab_right_icon\" data-active=\"false\" style=\"background-color:#bcb6b638;border-top:none;border-right:none;border-bottom:none;border-left:none\"><div class=\"aagb__accordion_heading aab_right_icon aagb_right_link\"><div class=\"head_content_wrapper\"><div class=\"title_wrapper\"><h5 class=\"aagb__accordion_title\" style=\"margin:0\"><span class=\"ez-toc-section\" id=\"1_Qual_e_o_presente_ideal_para_quem_adora_viajar\"><\/span>1.\u00a0<strong>Qual \u00e9 o presente ideal para quem adora viajar?<\/strong><span class=\"ez-toc-section-end\"><\/span><\/h5><\/div><\/div><\/div><div class=\"aagb__accordion_icon\"><div class=\"aagb__icon_dashicons_box\"><span class=\"aagb__icon dashicons dashicons-plus-alt2\"><\/span><\/div><\/div><\/div><div class=\"aagb__accordion_body\" role=\"region\" style=\"border-top:1px solid #bcb6b638;border-right:none;border-bottom:none;border-left:none\"><div class=\"aagb__accordion_component\">\n<p>Um presente para uma viajante deve ser pr\u00e1tico, memor\u00e1vel ou que facilite a jornada. Pense em itens como uma mochila compacta, um power bank port\u00e1til ou at\u00e9 um di\u00e1rio de viagem personalizado. No blog, temos uma lista completa de ideias que v\u00e3o desde o \u00fatil at\u00e9 o emocional!<\/p>\n<\/div><\/div><\/div>\n<\/div>\n\n\n\n<div class=\"wp-block-aab-group-accordion searchable aagb_accordion_16299f54_3 click false\" id=\"group-accordion-16299f54_3\">\n<style>.aagb__accordion_container.no-pro-plan .aagb__accordion_body { padding:  10px !important; }<\/style><div class=\"wp-block-aab-accordion-item aagb__accordion_container panel\" style=\"border:1px solid #bcb6b638;margin-top:0px;margin-bottom:15px\"><div class=\"aagb__accordion_head aab_right_icon\" data-active=\"false\" style=\"background-color:#bcb6b638;border-top:none;border-right:none;border-bottom:none;border-left:none\"><div class=\"aagb__accordion_heading aab_right_icon aagb_right_link\"><div class=\"head_content_wrapper\"><div class=\"title_wrapper\"><h5 class=\"aagb__accordion_title\" style=\"margin:0\"><span class=\"ez-toc-section\" id=\"2_Quais_itens_nao_podem_faltar_na_mala_de_um_viajante\"><\/span>2.\u00a0<strong>Quais itens n\u00e3o podem faltar na mala de um viajante?<\/strong><span class=\"ez-toc-section-end\"><\/span><\/h5><\/div><\/div><\/div><div class=\"aagb__accordion_icon\"><div class=\"aagb__icon_dashicons_box\"><span class=\"aagb__icon dashicons dashicons-plus-alt2\"><\/span><\/div><\/div><\/div><div class=\"aagb__accordion_body\" role=\"region\" style=\"border-top:1px solid #bcb6b638;border-right:none;border-bottom:none;border-left:none\"><div class=\"aagb__accordion_component\">\n<p>Itens essenciais variam conforme o destino, mas alguns s\u00e3o universais: documentos organizados, um bom carregador port\u00e1til, um kit de primeiros socorros e um cantil dobr\u00e1vel. No blog, voc\u00ea encontra uma lista detalhada para n\u00e3o esquecer nada na hora de fazer as malas!<\/p>\n<\/div><\/div><\/div>\n<\/div>\n\n\n\n<div class=\"wp-block-aab-group-accordion searchable aagb_accordion_1c003f01_4 click false\" id=\"group-accordion-1c003f01_4\">\n<style>.aagb__accordion_container.no-pro-plan .aagb__accordion_body { padding:  10px !important; }<\/style><div class=\"wp-block-aab-accordion-item aagb__accordion_container panel\" style=\"border:1px solid #bcb6b638;margin-top:0px;margin-bottom:15px\"><div class=\"aagb__accordion_head aab_right_icon\" data-active=\"false\" style=\"background-color:#bcb6b638;border-top:none;border-right:none;border-bottom:none;border-left:none\"><div class=\"aagb__accordion_heading aab_right_icon aagb_right_link\"><div class=\"head_content_wrapper\"><div class=\"title_wrapper\"><h5 class=\"aagb__accordion_title\" style=\"margin:0\"><span class=\"ez-toc-section\" id=\"3_O_que_dar_de_presente_para_quem_viaja_com_frequencia\"><\/span>3.\u00a0<strong>O que dar de presente para quem viaja com frequ\u00eancia?<\/strong><span class=\"ez-toc-section-end\"><\/span><\/h5><\/div><\/div><\/div><div class=\"aagb__accordion_icon\"><div class=\"aagb__icon_dashicons_box\"><span class=\"aagb__icon dashicons dashicons-plus-alt2\"><\/span><\/div><\/div><\/div><div class=\"aagb__accordion_body\" role=\"region\" style=\"border-top:1px solid #bcb6b638;border-right:none;border-bottom:none;border-left:none\"><div class=\"aagb__accordion_component\">\n<p>Para quem est\u00e1 sempre na estrada, pense em presentes que facilitem a rotina, como uma bolsa t\u00e9rmica para snacks, um organizador de cabos ou at\u00e9 um seguro-viagem anual. No blog, mostramos como surpreender at\u00e9 os viajantes mais experientes.<\/p>\n<\/div><\/div><\/div>\n<\/div>\n\n\n\n<div class=\"wp-block-aab-group-accordion searchable aagb_accordion_b9d1e09c_5 click false\" id=\"group-accordion-b9d1e09c_5\">\n<style>.aagb__accordion_container.no-pro-plan .aagb__accordion_body { padding:  10px !important; }<\/style><div class=\"wp-block-aab-accordion-item aagb__accordion_container panel\" style=\"border:1px solid #bcb6b638;margin-top:0px;margin-bottom:15px\"><div class=\"aagb__accordion_head aab_right_icon\" data-active=\"false\" style=\"background-color:#bcb6b638;border-top:none;border-right:none;border-bottom:none;border-left:none\"><div class=\"aagb__accordion_heading aab_right_icon aagb_right_link\"><div class=\"head_content_wrapper\"><div class=\"title_wrapper\"><h5 class=\"aagb__accordion_title\" style=\"margin:0\"><span class=\"ez-toc-section\" id=\"4_Qual_lembranca_dar_para_alguem_que_vai_viajar\"><\/span>4. <strong>Qual lembran\u00e7a dar para algu\u00e9m que vai viajar?<\/strong><span class=\"ez-toc-section-end\"><\/span><\/h5><\/div><\/div><\/div><div class=\"aagb__accordion_icon\"><div class=\"aagb__icon_dashicons_box\"><span class=\"aagb__icon dashicons dashicons-plus-alt2\"><\/span><\/div><\/div><\/div><div class=\"aagb__accordion_body\" role=\"region\" style=\"border-top:1px solid #bcb6b638;border-right:none;border-bottom:none;border-left:none\"><div class=\"aagb__accordion_component\">\n<p>Uma lembran\u00e7a pode ser algo simb\u00f3lico, como um pingente de mapa-m\u00fandi ou um livro sobre o destino. Outra ideia \u00e9 um kit de sobreviv\u00eancia com itens \u00fateis para a viagem. Confira no blog mais dicas criativas para presentear quem est\u00e1 de partida!<\/p>\n<\/div><\/div><\/div>\n<\/div>\n\n\n\n<div class=\"wp-block-aab-group-accordion searchable aagb_accordion_39235a74_6 click false\" id=\"group-accordion-39235a74_6\">\n<style>.aagb__accordion_container.no-pro-plan .aagb__accordion_body { padding:  10px !important; }<\/style><div class=\"wp-block-aab-accordion-item aagb__accordion_container panel\" style=\"border:1px solid #bcb6b638;margin-top:0px;margin-bottom:15px\"><div class=\"aagb__accordion_head aab_right_icon\" data-active=\"false\" style=\"background-color:#bcb6b638;border-top:none;border-right:none;border-bottom:none;border-left:none\"><div class=\"aagb__accordion_heading aab_right_icon aagb_right_link\"><div class=\"head_content_wrapper\"><div class=\"title_wrapper\"><h5 class=\"aagb__accordion_title\" style=\"margin:0\"><span class=\"ez-toc-section\" id=\"5_O_que_devo_levar_para_uma_viagem_longa\"><\/span>5. <strong>O que devo levar para uma viagem longa?<\/strong><span class=\"ez-toc-section-end\"><\/span><\/h5><\/div><\/div><\/div><div class=\"aagb__accordion_icon\"><div class=\"aagb__icon_dashicons_box\"><span class=\"aagb__icon dashicons dashicons-plus-alt2\"><\/span><\/div><\/div><\/div><div class=\"aagb__accordion_body\" role=\"region\" style=\"border-top:1px solid #bcb6b638;border-right:none;border-bottom:none;border-left:none\"><div class=\"aagb__accordion_component\">\n<p>Para uma viagem longa, o segredo \u00e9 equilibrar o essencial com o conforto e, claro, um toque de divers\u00e3o! Al\u00e9m das roupas adequadas ao clima do destino, n\u00e3o se esque\u00e7a de itens como:<\/p>\n\n\n\n<ul class=\"wp-block-list\">\n<li><strong>Documentos organizados<\/strong>&nbsp;(passaporte, visto, seguros);<\/li>\n\n\n\n<li><strong>Carregador port\u00e1til<\/strong>&nbsp;para manter seus dispositivos sempre funcionando;<\/li>\n\n\n\n<li><strong>Kit de primeiros socorros<\/strong>&nbsp;com medicamentos b\u00e1sicos;<\/li>\n\n\n\n<li><strong>Itens de entretenimento<\/strong>, como um livro, fones de ouvido com cancelamento de ru\u00eddo ou at\u00e9 um tablet com filmes e s\u00e9ries baixados<\/li>\n<\/ul>\n<\/div><\/div><\/div>\n<\/div>\n\n\n\n<p><\/p>","protected":false},"excerpt":{"rendered":"<p>Viajar \u00e9 uma paix\u00e3o que merece ser celebrada. <\/p>","protected":false},"author":2,"featured_media":2277,"comment_status":"open","ping_status":"open","sticky":false,"template":"","format":"standard","meta":{"colormag_page_container_layout":"default_layout","colormag_page_sidebar_layout":"default_layout","googlesitekit_rrm_CAownL7aCw:productID":"","footnotes":""},"categories":[92],"tags":[193],"class_list":["post-2273","post","type-post","status-publish","format-standard","has-post-thumbnail","hentry","category-presentes-por-estilo-de-vida","tag-presente-para-viajantes"],"magazineBlocksPostFeaturedMedia":{"thumbnail":"https:\/\/encontreseupresente.com.br\/wp-content\/uploads\/2025\/03\/presente-para-viajantes-1-150x150.png","medium":"https:\/\/encontreseupresente.com.br\/wp-content\/uploads\/2025\/03\/presente-para-viajantes-1-300x169.png","medium_large":"https:\/\/encontreseupresente.com.br\/wp-content\/uploads\/2025\/03\/presente-para-viajantes-1-768x432.png","large":"https:\/\/encontreseupresente.com.br\/wp-content\/uploads\/2025\/03\/presente-para-viajantes-1.png","1536x1536":"https:\/\/encontreseupresente.com.br\/wp-content\/uploads\/2025\/03\/presente-para-viajantes-1.png","2048x2048":"https:\/\/encontreseupresente.com.br\/wp-content\/uploads\/2025\/03\/presente-para-viajantes-1.png","trp-custom-language-flag":"https:\/\/encontreseupresente.com.br\/wp-content\/uploads\/2025\/03\/presente-para-viajantes-1-18x10.png","colormag-highlighted-post":"https:\/\/encontreseupresente.com.br\/wp-content\/uploads\/2025\/03\/presente-para-viajantes-1-392x272.png","colormag-featured-post-medium":"https:\/\/encontreseupresente.com.br\/wp-content\/uploads\/2025\/03\/presente-para-viajantes-1-390x205.png","colormag-featured-post-small":"https:\/\/encontreseupresente.com.br\/wp-content\/uploads\/2025\/03\/presente-para-viajantes-1-130x90.png","colormag-featured-image":"https:\/\/encontreseupresente.com.br\/wp-content\/uploads\/2025\/03\/presente-para-viajantes-1-800x445.png","colormag-default-news":"https:\/\/encontreseupresente.com.br\/wp-content\/uploads\/2025\/03\/presente-para-viajantes-1-150x150.png","colormag-featured-image-large":"https:\/\/encontreseupresente.com.br\/wp-content\/uploads\/2025\/03\/presente-para-viajantes-1.png","web-stories-poster-portrait":"https:\/\/encontreseupresente.com.br\/wp-content\/uploads\/2025\/03\/presente-para-viajantes-1-640x450.png","web-stories-publisher-logo":"https:\/\/encontreseupresente.com.br\/wp-content\/uploads\/2025\/03\/presente-para-viajantes-1-96x96.png","web-stories-thumbnail":"https:\/\/encontreseupresente.com.br\/wp-content\/uploads\/2025\/03\/presente-para-viajantes-1-150x84.png"},"magazineBlocksPostAuthor":{"name":"Mariah Almeida","avatar":"https:\/\/encontreseupresente.com.br\/wp-content\/litespeed\/avatar\/53e7d7b4073a83c8c608ed903def6647.jpg?ver=1776726692"},"magazineBlocksPostCommentsNumber":"0","magazineBlocksPostExcerpt":"Viajar \u00e9 uma paix\u00e3o que merece ser celebrada. ","magazineBlocksPostCategories":["Presentes por Estilo de Vida"],"magazineBlocksPostViewCount":498,"magazineBlocksPostReadTime":8,"magazine_blocks_featured_image_url":{"full":["https:\/\/encontreseupresente.com.br\/wp-content\/uploads\/2025\/03\/presente-para-viajantes-1.png",800,450,false],"medium":["https:\/\/encontreseupresente.com.br\/wp-content\/uploads\/2025\/03\/presente-para-viajantes-1-300x169.png",300,169,true],"thumbnail":["https:\/\/encontreseupresente.com.br\/wp-content\/uploads\/2025\/03\/presente-para-viajantes-1-150x150.png",150,150,true]},"magazine_blocks_author":{"display_name":"Mariah Almeida","author_link":"https:\/\/encontreseupresente.com.br\/en\/author\/mariah\/"},"magazine_blocks_comment":0,"magazine_blocks_author_image":"https:\/\/encontreseupresente.com.br\/wp-content\/litespeed\/avatar\/53e7d7b4073a83c8c608ed903def6647.jpg?ver=1776726692","magazine_blocks_category":"<a href=\"#\" class=\"category-link category-link-92\">Presentes por Estilo de Vida<\/a>","post_mailing_queue_ids":[],"_links":{"self":[{"href":"https:\/\/encontreseupresente.com.br\/en\/wp-json\/wp\/v2\/posts\/2273","targetHints":{"allow":["GET"]}}],"collection":[{"href":"https:\/\/encontreseupresente.com.br\/en\/wp-json\/wp\/v2\/posts"}],"about":[{"href":"https:\/\/encontreseupresente.com.br\/en\/wp-json\/wp\/v2\/types\/post"}],"author":[{"embeddable":true,"href":"https:\/\/encontreseupresente.com.br\/en\/wp-json\/wp\/v2\/users\/2"}],"replies":[{"embeddable":true,"href":"https:\/\/encontreseupresente.com.br\/en\/wp-json\/wp\/v2\/comments?post=2273"}],"version-history":[{"count":11,"href":"https:\/\/encontreseupresente.com.br\/en\/wp-json\/wp\/v2\/posts\/2273\/revisions"}],"predecessor-version":[{"id":2472,"href":"https:\/\/encontreseupresente.com.br\/en\/wp-json\/wp\/v2\/posts\/2273\/revisions\/2472"}],"wp:featuredmedia":[{"embeddable":true,"href":"https:\/\/encontreseupresente.com.br\/en\/wp-json\/wp\/v2\/media\/2277"}],"wp:attachment":[{"href":"https:\/\/encontreseupresente.com.br\/en\/wp-json\/wp\/v2\/media?parent=2273"}],"wp:term":[{"taxonomy":"category","embeddable":true,"href":"https:\/\/encontreseupresente.com.br\/en\/wp-json\/wp\/v2\/categories?post=2273"},{"taxonomy":"post_tag","embeddable":true,"href":"https:\/\/encontreseupresente.com.br\/en\/wp-json\/wp\/v2\/tags?post=2273"}],"curies":[{"name":"wp","href":"https:\/\/api.w.org\/{rel}","templated":true}]}}